{"id":624,"date":"2017-10-09T21:33:12","date_gmt":"2017-10-09T18:33:12","guid":{"rendered":"http:\/\/tukanajans.com\/?p=624"},"modified":"2022-05-01T15:12:36","modified_gmt":"2022-05-01T12:12:36","slug":"tukan-kime-gore-neye-gore","status":"publish","type":"post","link":"https:\/\/tukanajans.com\/en\/blog\/tukan-kime-gore-neye-gore\/","title":{"rendered":"Tukan. Kime g\u00f6re, neye g\u00f6re?"},"content":{"rendered":"<p>Yazmak i\u00e7in kalem, okumak i\u00e7in yaz\u0131 gerekli.<br \/>\nPeki ajans i\u00e7in ne gerekli?<br \/>\n<em>Tukan<\/em>.<\/p>\n<p><strong>Ne i<\/strong><strong>\u015f yapmay\u0131z?<\/strong><\/p>\n<p>Tan\u0131m i\u00e7in, bir firman\u0131n \/ markan\u0131n geli\u015fmesinin arkas\u0131nda gizli kahramanlar dersek \u00e7ok mu abartm\u0131\u015f oluruz?<\/p>\n<p>Yoksa \u201cen\u201d nefret etti\u011fimiz yorumlardan biri olan; TASARIM-KREAT\u0130F \u00e7al\u0131\u015fmalar i\u00e7in \u201ciki t\u0131k t\u0131k\u201d diyenlerin oldu\u011fu bir d\u00fcnyada ya\u015fad\u0131\u011f\u0131m\u0131z\u0131 d\u00fc\u015f\u00fcnmek mi en korkuncu.<\/p>\n<p>***<\/p>\n<p>Ajans\u0131\u00a0kurarken bunlar\u0131 \u00e7ok d\u00fc\u015f\u00fcnd\u00fck.<br \/>\nYoutube\u2019de \u201c<a href=\"https:\/\/www.youtube.com\/results?search_query=photoshop+g%C3%B6z+rengi+de%C4%9Fi%C5%9Ftirme\" target=\"_blank\" rel=\"nofollow noopener\">Photoshop\u2019ta k\u0131rm\u0131z\u0131 g\u00f6z d\u00fczeltme<\/a>\u201d videolar\u0131n\u0131 izleyip crack\u2019li Adobe \u00fcr\u00fcnlerini bilgisayar\u0131na kurup \u201ctasar\u0131m\u201da soyunanlar\u0131n oldu\u011fu bir alana biz neden girmeliydik?<br \/>\nD\u00fcnyay\u0131 varolu\u015fsal kayg\u0131larla izledi\u011fimiz bir ortamda m\u00fc\u015fteri-tedarik\u00e7i \u00e7ukuruna girmeyi mi istiyorduk?<\/p>\n<p>\u2013 Alo? Oras\u0131 kreatif ajans m\u0131?<br \/>\n\u2013 Evet. Buras\u0131\u00a0<em>Tukan Ajans<\/em>. Buyrun?<br \/>\n\u2013 Ben bir logo istiyorum. Logoda d\u00fcnya, d\u00fcnyada T\u00fcrkiye, T\u00fcrkiye\u2019de \u0130stanbul, \u0130stanbul\u2019da \u015eile, \u015eile\u2019den bir bayrak dire\u011fi, bayrakta \u015firketimizin ad\u0131n\u0131n yaz\u0131lmas\u0131n\u0131 istiyorum.<br \/>\n\u2013 \u2026.<br \/>\n\u2013 Alo. Aloo. Aaa, kapatt\u0131\u2026<\/p>\n<p>G\u00f6z\u00fcm\u00fcz\u00fcn \u00f6n\u00fcnde cereyan eden bu olay\u0131n kanl\u0131 canl\u0131 \u015fahidi mi olmak istiyorduk?<br \/>\nHay\u0131r!<br \/>\nPeki o zaman?<br \/>\nNeden medya ajans\u0131?<br \/>\nNeden ajans?<br \/>\nNeden?<\/p>\n<p>***<\/p>\n<p>Bizler,\u00a0<em>Tukan<\/em>\u00a0gibi meyve veren bir-iki a\u011fa\u00e7ta ya\u015fay\u0131p d\u00fcnyan\u0131n g\u00fczelliklerini seyredelim istiyoruz.<\/p>\n<p>Daldan dala konup, oradan oraya u\u00e7up, kap\u0131 kap\u0131 gezip, elimizdeki g\u00fczellikleri kadir k\u0131ymet bilmeyen insanlara da\u011f\u0131tmak istemiyoruz.<\/p>\n<p>\u00c7\u00fcnk\u00fc, s\u0131n\u0131rl\u0131 g\u00fczelliklerin, kadir\u015finas insanlara yak\u0131\u015ft\u0131\u011f\u0131n\u0131n fark\u0131nday\u0131z.<br \/>\n\u0130stiyoruz ki ortaya serece\u011fimiz emek ve g\u00f6sterece\u011fimiz \u00f6zveriyle ortaya \u00e7\u0131karaca\u011f\u0131m\u0131z, de\u011ferli ni\u015f \u00e7al\u0131\u015fmalarla hep beraber mutlu olal\u0131m.<\/p>\n<h2>T\u0131pk\u0131\u00a0<em>Tukan<\/em>\u00a0gibi<\/h2>\n<p>Kadim d\u00fcnya dillerinde hemen hemen ayn\u0131 okunu\u015fa sahip renkli gagal\u0131\u00a0<em>Tukan<\/em>\u00a0gibi.<br \/>\nYoklu\u011fu sembolize eden siyah\u0131n i\u00e7indeki renkli g\u00fczelli\u011fi bizlere g\u00f6stermesi gibi.<\/p>\n<p><em>Tukan<\/em>\u2019\u0131 seven bizler de, \u015firketlerin ve markalar\u0131n siyah ve gri alanlar\u0131ndaki renkli, g\u00f6steri\u015fli k\u00f6\u015felerini g\u00fcn y\u00fcz\u00fcne \u00e7\u0131karmaya niyetliyiz.<\/p>\n<p>Gelin, markan\u0131z\u0131\/markam\u0131z\u0131\u00a0<a href=\"http:\/\/tukanajans.com\/en\/ajans\/\">multidisipliner bir anlay\u0131\u015fla<\/a>\u00a0marka ve tasar\u0131m at\u00f6lyemizde i\u015fleyip parlatal\u0131m.<\/p>\n<p>\u0130\u015fte bu y\u00fczden\u00a0<em>Tukan<\/em>\u00a0ile merhaba:)<\/p>","protected":false},"excerpt":{"rendered":"<p>Yazmak i\u00e7in kalem, okumak i\u00e7in yaz\u0131 gerekli. Peki ajans i\u00e7in ne gerekli? Tukan. Ne i\u015f yapmay\u0131z? Tan\u0131m i\u00e7in, bir firman\u0131n \/ markan\u0131n [&hellip;]<\/p>","protected":false},"author":8,"featured_media":0,"comment_status":"closed","ping_status":"closed","sticky":false,"template":"","format":"standard","meta":[],"categories":[1],"tags":[],"aioseo_notices":[],"_links":{"self":[{"href":"https:\/\/tukanajans.com\/en\/wp-json\/wp\/v2\/posts\/624"}],"collection":[{"href":"https:\/\/tukanajans.com\/en\/wp-json\/wp\/v2\/posts"}],"about":[{"href":"https:\/\/tukanajans.com\/en\/wp-json\/wp\/v2\/types\/post"}],"author":[{"embeddable":true,"href":"https:\/\/tukanajans.com\/en\/wp-json\/wp\/v2\/users\/8"}],"replies":[{"embeddable":true,"href":"https:\/\/tukanajans.com\/en\/wp-json\/wp\/v2\/comments?post=624"}],"version-history":[{"count":0,"href":"https:\/\/tukanajans.com\/en\/wp-json\/wp\/v2\/posts\/624\/revisions"}],"wp:attachment":[{"href":"https:\/\/tukanajans.com\/en\/wp-json\/wp\/v2\/media?parent=624"}],"wp:term":[{"taxonomy":"category","embeddable":true,"href":"https:\/\/tukanajans.com\/en\/wp-json\/wp\/v2\/categories?post=624"},{"taxonomy":"post_tag","embeddable":true,"href":"https:\/\/tukanajans.com\/en\/wp-json\/wp\/v2\/tags?post=624"}],"curies":[{"name":"wp","href":"https:\/\/api.w.org\/{rel}","templated":true}]}}